{"id":1023,"date":"2019-08-02T11:01:26","date_gmt":"2019-08-02T11:01:26","guid":{"rendered":"http:\/\/www.exporturk.com\/?p=1023"},"modified":"2021-04-10T22:26:55","modified_gmt":"2021-04-10T22:26:55","slug":"polisan-holdingte-bayrak-degisimi","status":"publish","type":"post","link":"http:\/\/www.exporturk.com\/index.php\/2019\/08\/02\/polisan-holdingte-bayrak-degisimi\/","title":{"rendered":"Polisan Holding\u2019te bayrak de\u011fi\u015fimi"},"content":{"rendered":"<p>Polisan Holding Y\u00f6netim Kurulu, 31 Temmuz tarihinde yapt\u0131\u011f\u0131 toplant\u0131da Murat Y\u0131ld\u0131ran&#8217;\u0131n CEO ve Y\u00f6netim Kurulu \u00fcyesi olarak atanmas\u0131n\u0131 kararla\u015ft\u0131rd\u0131. Polisan Holding Y\u00f6netim Kurulu Ba\u015fkan\u0131 Mehmet Emin Bitlis yapt\u0131\u011f\u0131 a\u00e7\u0131klamada, Polisan Holding ve grup \u015firketlerinde operasyonlar\u0131n daha verimli y\u00fcr\u00fct\u00fclmesi, organizasyonun g\u00fc\u00e7lendirilmesi, yer al\u0131nan sekt\u00f6rlerde liderli\u011fin peki\u015ftirilmesi ve \u201cGelece\u011fin Polisan\u0131\u201dn\u0131n birlikte olu\u015fturulmas\u0131 hedefleriyle Y\u00f6netim Kurulu&#8217;nun, \u00fcst y\u00f6netimde de\u011fi\u015fim karar\u0131 ald\u0131\u011f\u0131n\u0131 kaydetti.<\/p>\n<p>Mehmet Emin Bitlis, \u201cPolisan Holding ve i\u015ftiraklerinin, etkin bir stratejik planlama s\u00fcreci, g\u00fc\u00e7l\u00fc bir kurumsal yap\u0131, nitelikli insan kaynaklar\u0131 ve kuvvetli bir kurum k\u00fclt\u00fcr\u00fc ile sa\u011fl\u0131kl\u0131 bir \u015fekilde b\u00fcy\u00fcyen g\u00fc\u00e7l\u00fc bir operasyonel yap\u0131ya d\u00f6n\u00fc\u015f\u00fcm\u00fcne liderlik edecek Say\u0131n Murat Y\u0131ld\u0131ran&#8217;a yeni g\u00f6revinde ba\u015far\u0131lar diliyoruz\u201d dedi.<\/p>\n","protected":false},"excerpt":{"rendered":"<p>Polisan Holding Y\u00f6netim Kurulu, 31 Temmuz tarihinde yapt\u0131\u011f\u0131 toplant\u0131da Murat Y\u0131ld\u0131ran&#8217;\u0131n CEO ve Y\u00f6netim Kurulu \u00fcyesi olarak atanmas\u0131n\u0131 kararla\u015ft\u0131rd\u0131. Polisan Holding Y\u00f6netim Kurulu Ba\u015fkan\u0131 Mehmet Emin Bitlis yapt\u0131\u011f\u0131 a\u00e7\u0131klamada, Polisan Holding ve grup \u015firketlerinde operasyonlar\u0131n daha verimli y\u00fcr\u00fct\u00fclmesi, organizasyonun g\u00fc\u00e7lendirilmesi, yer al\u0131nan sekt\u00f6rlerde liderli\u011fin peki\u015ftirilmesi ve \u201cGelece\u011fin Polisan\u0131\u201dn\u0131n birlikte olu\u015fturulmas\u0131 hedefleriyle Y\u00f6netim Kurulu&#8217;nun, \u00fcst y\u00f6netimde &hellip;<\/p>\n","protected":false},"author":1,"featured_media":1024,"comment_status":"open","ping_status":"open","sticky":false,"template":"","format":"standard","meta":{"_jetpack_memberships_contains_paid_content":false,"footnotes":""},"categories":[32],"tags":[],"class_list":["post-1023","post","type-post","status-publish","format-standard","has-post-thumbnail","hentry","category-is-dunyasi"],"yoast_head":"<!-- This site is optimized with the Yoast SEO plugin v27.5 - https:\/\/yoast.com\/product\/yoast-seo-wordpress\/ -->\n<title>Polisan Holding\u2019te bayrak de\u011fi\u015fimi - ExPorTurk<\/title>\n<meta name=\"robots\" content=\"index, follow, max-snippet:-1, max-image-preview:large, max-video-preview:-1\" \/>\n<link rel=\"canonical\" href=\"http:\/\/www.exporturk.com\/index.php\/2019\/08\/02\/polisan-holdingte-bayrak-degisimi\/\" \/>\n<meta property=\"og:locale\" content=\"tr_TR\" \/>\n<meta property=\"og:type\" content=\"article\" \/>\n<meta property=\"og:title\" content=\"Polisan Holding\u2019te bayrak de\u011fi\u015fimi - ExPorTurk\" \/>\n<meta property=\"og:description\" content=\"Polisan Holding Y\u00f6netim Kurulu, 31 Temmuz tarihinde yapt\u0131\u011f\u0131 toplant\u0131da Murat Y\u0131ld\u0131ran&#8217;\u0131n CEO ve Y\u00f6netim Kurulu \u00fcyesi olarak atanmas\u0131n\u0131 kararla\u015ft\u0131rd\u0131. Polisan Holding Y\u00f6netim Kurulu Ba\u015fkan\u0131 Mehmet Emin Bitlis yapt\u0131\u011f\u0131 a\u00e7\u0131klamada, Polisan Holding ve grup \u015firketlerinde operasyonlar\u0131n daha verimli y\u00fcr\u00fct\u00fclmesi, organizasyonun g\u00fc\u00e7lendirilmesi, yer al\u0131nan sekt\u00f6rlerde liderli\u011fin peki\u015ftirilmesi ve \u201cGelece\u011fin Polisan\u0131\u201dn\u0131n birlikte olu\u015fturulmas\u0131 hedefleriyle Y\u00f6netim Kurulu&#8217;nun, \u00fcst y\u00f6netimde &hellip;\" \/>\n<meta property=\"og:url\" content=\"http:\/\/www.exporturk.com\/index.php\/2019\/08\/02\/polisan-holdingte-bayrak-degisimi\/\" \/>\n<meta property=\"og:site_name\" content=\"ExPorTurk\" \/>\n<meta property=\"article:published_time\" content=\"2019-08-02T11:01:26+00:00\" \/>\n<meta property=\"article:modified_time\" content=\"2021-04-10T22:26:55+00:00\" \/>\n<meta property=\"og:image\" content=\"http:\/\/www.exporturk.com\/wp-content\/uploads\/2021\/03\/4008_1.jpg\" \/>\n\t<meta property=\"og:image:width\" content=\"250\" \/>\n\t<meta property=\"og:image:height\" content=\"141\" \/>\n\t<meta property=\"og:image:type\" content=\"image\/jpeg\" \/>\n<meta name=\"author\" content=\"admin\" \/>\n<meta name=\"twitter:card\" content=\"summary_large_image\" \/>\n<meta name=\"twitter:label1\" content=\"Yazan:\" \/>\n\t<meta name=\"twitter:data1\" content=\"admin\" \/>\n\t<meta name=\"twitter:label2\" content=\"Tahmini okuma s\u00fcresi\" \/>\n\t<meta name=\"twitter:data2\" content=\"1 dakika\" \/>\n<script type=\"application\/ld+json\" class=\"yoast-schema-graph\">{\"@context\":\"https:\\\/\\\/schema.org\",\"@graph\":[{\"@type\":\"Article\",\"@id\":\"http:\\\/\\\/www.exporturk.com\\\/index.php\\\/2019\\\/08\\\/02\\\/polisan-holdingte-bayrak-degisimi\\\/#article\",\"isPartOf\":{\"@id\":\"http:\\\/\\\/www.exporturk.com\\\/index.php\\\/2019\\\/08\\\/02\\\/polisan-holdingte-bayrak-degisimi\\\/\"},\"author\":{\"name\":\"admin\",\"@id\":\"http:\\\/\\\/www.exporturk.com\\\/#\\\/schema\\\/person\\\/18aced4372d9d5e8231ebeb91e21c306\"},\"headline\":\"Polisan Holding\u2019te bayrak de\u011fi\u015fimi\",\"datePublished\":\"2019-08-02T11:01:26+00:00\",\"dateModified\":\"2021-04-10T22:26:55+00:00\",\"mainEntityOfPage\":{\"@id\":\"http:\\\/\\\/www.exporturk.com\\\/index.php\\\/2019\\\/08\\\/02\\\/polisan-holdingte-bayrak-degisimi\\\/\"},\"wordCount\":159,\"commentCount\":0,\"image\":{\"@id\":\"http:\\\/\\\/www.exporturk.com\\\/index.php\\\/2019\\\/08\\\/02\\\/polisan-holdingte-bayrak-degisimi\\\/#primaryimage\"},\"thumbnailUrl\":\"http:\\\/\\\/www.exporturk.com\\\/wp-content\\\/uploads\\\/2021\\\/03\\\/4008_1.jpg\",\"articleSection\":[\"\u0130\u015f D\u00fcnyas\u0131\"],\"inLanguage\":\"tr\",\"potentialAction\":[{\"@type\":\"CommentAction\",\"name\":\"Comment\",\"target\":[\"http:\\\/\\\/www.exporturk.com\\\/index.php\\\/2019\\\/08\\\/02\\\/polisan-holdingte-bayrak-degisimi\\\/#respond\"]}]},{\"@type\":\"WebPage\",\"@id\":\"http:\\\/\\\/www.exporturk.com\\\/index.php\\\/2019\\\/08\\\/02\\\/polisan-holdingte-bayrak-degisimi\\\/\",\"url\":\"http:\\\/\\\/www.exporturk.com\\\/index.php\\\/2019\\\/08\\\/02\\\/polisan-holdingte-bayrak-degisimi\\\/\",\"name\":\"Polisan Holding\u2019te bayrak de\u011fi\u015fimi - ExPorTurk\",\"isPartOf\":{\"@id\":\"http:\\\/\\\/www.exporturk.com\\\/#website\"},\"primaryImageOfPage\":{\"@id\":\"http:\\\/\\\/www.exporturk.com\\\/index.php\\\/2019\\\/08\\\/02\\\/polisan-holdingte-bayrak-degisimi\\\/#primaryimage\"},\"image\":{\"@id\":\"http:\\\/\\\/www.exporturk.com\\\/index.php\\\/2019\\\/08\\\/02\\\/polisan-holdingte-bayrak-degisimi\\\/#primaryimage\"},\"thumbnailUrl\":\"http:\\\/\\\/www.exporturk.com\\\/wp-content\\\/uploads\\\/2021\\\/03\\\/4008_1.jpg\",\"datePublished\":\"2019-08-02T11:01:26+00:00\",\"dateModified\":\"2021-04-10T22:26:55+00:00\",\"author\":{\"@id\":\"http:\\\/\\\/www.exporturk.com\\\/#\\\/schema\\\/person\\\/18aced4372d9d5e8231ebeb91e21c306\"},\"breadcrumb\":{\"@id\":\"http:\\\/\\\/www.exporturk.com\\\/index.php\\\/2019\\\/08\\\/02\\\/polisan-holdingte-bayrak-degisimi\\\/#breadcrumb\"},\"inLanguage\":\"tr\",\"potentialAction\":[{\"@type\":\"ReadAction\",\"target\":[\"http:\\\/\\\/www.exporturk.com\\\/index.php\\\/2019\\\/08\\\/02\\\/polisan-holdingte-bayrak-degisimi\\\/\"]}]},{\"@type\":\"ImageObject\",\"inLanguage\":\"tr\",\"@id\":\"http:\\\/\\\/www.exporturk.com\\\/index.php\\\/2019\\\/08\\\/02\\\/polisan-holdingte-bayrak-degisimi\\\/#primaryimage\",\"url\":\"http:\\\/\\\/www.exporturk.com\\\/wp-content\\\/uploads\\\/2021\\\/03\\\/4008_1.jpg\",\"contentUrl\":\"http:\\\/\\\/www.exporturk.com\\\/wp-content\\\/uploads\\\/2021\\\/03\\\/4008_1.jpg\",\"width\":250,\"height\":141},{\"@type\":\"BreadcrumbList\",\"@id\":\"http:\\\/\\\/www.exporturk.com\\\/index.php\\\/2019\\\/08\\\/02\\\/polisan-holdingte-bayrak-degisimi\\\/#breadcrumb\",\"itemListElement\":[{\"@type\":\"ListItem\",\"position\":1,\"name\":\"Home\",\"item\":\"http:\\\/\\\/www.exporturk.com\\\/\"},{\"@type\":\"ListItem\",\"position\":2,\"name\":\"Polisan Holding\u2019te bayrak de\u011fi\u015fimi\"}]},{\"@type\":\"WebSite\",\"@id\":\"http:\\\/\\\/www.exporturk.com\\\/#website\",\"url\":\"http:\\\/\\\/www.exporturk.com\\\/\",\"name\":\"ExPorTurk\",\"description\":\"Turkey Business Portal\",\"potentialAction\":[{\"@type\":\"SearchAction\",\"target\":{\"@type\":\"EntryPoint\",\"urlTemplate\":\"http:\\\/\\\/www.exporturk.com\\\/?s={search_term_string}\"},\"query-input\":{\"@type\":\"PropertyValueSpecification\",\"valueRequired\":true,\"valueName\":\"search_term_string\"}}],\"inLanguage\":\"tr\"},{\"@type\":\"Person\",\"@id\":\"http:\\\/\\\/www.exporturk.com\\\/#\\\/schema\\\/person\\\/18aced4372d9d5e8231ebeb91e21c306\",\"name\":\"admin\",\"image\":{\"@type\":\"ImageObject\",\"inLanguage\":\"tr\",\"@id\":\"https:\\\/\\\/secure.gravatar.com\\\/avatar\\\/6035d6d61944ecc74f2c9f3e1a283b4da0ece0a47ee82cd0b5eab2c03ddc1000?s=96&d=mm&r=g\",\"url\":\"https:\\\/\\\/secure.gravatar.com\\\/avatar\\\/6035d6d61944ecc74f2c9f3e1a283b4da0ece0a47ee82cd0b5eab2c03ddc1000?s=96&d=mm&r=g\",\"contentUrl\":\"https:\\\/\\\/secure.gravatar.com\\\/avatar\\\/6035d6d61944ecc74f2c9f3e1a283b4da0ece0a47ee82cd0b5eab2c03ddc1000?s=96&d=mm&r=g\",\"caption\":\"admin\"},\"sameAs\":[\"http:\\\/\\\/www.exporturk.com\"],\"url\":\"http:\\\/\\\/www.exporturk.com\\\/index.php\\\/author\\\/admin\\\/\"}]}<\/script>\n<!-- \/ Yoast SEO plugin. -->","yoast_head_json":{"title":"Polisan Holding\u2019te bayrak de\u011fi\u015fimi - ExPorTurk","robots":{"index":"index","follow":"follow","max-snippet":"max-snippet:-1","max-image-preview":"max-image-preview:large","max-video-preview":"max-video-preview:-1"},"canonical":"http:\/\/www.exporturk.com\/index.php\/2019\/08\/02\/polisan-holdingte-bayrak-degisimi\/","og_locale":"tr_TR","og_type":"article","og_title":"Polisan Holding\u2019te bayrak de\u011fi\u015fimi - ExPorTurk","og_description":"Polisan Holding Y\u00f6netim Kurulu, 31 Temmuz tarihinde yapt\u0131\u011f\u0131 toplant\u0131da Murat Y\u0131ld\u0131ran&#8217;\u0131n CEO ve Y\u00f6netim Kurulu \u00fcyesi olarak atanmas\u0131n\u0131 kararla\u015ft\u0131rd\u0131. Polisan Holding Y\u00f6netim Kurulu Ba\u015fkan\u0131 Mehmet Emin Bitlis yapt\u0131\u011f\u0131 a\u00e7\u0131klamada, Polisan Holding ve grup \u015firketlerinde operasyonlar\u0131n daha verimli y\u00fcr\u00fct\u00fclmesi, organizasyonun g\u00fc\u00e7lendirilmesi, yer al\u0131nan sekt\u00f6rlerde liderli\u011fin peki\u015ftirilmesi ve \u201cGelece\u011fin Polisan\u0131\u201dn\u0131n birlikte olu\u015fturulmas\u0131 hedefleriyle Y\u00f6netim Kurulu&#8217;nun, \u00fcst y\u00f6netimde &hellip;","og_url":"http:\/\/www.exporturk.com\/index.php\/2019\/08\/02\/polisan-holdingte-bayrak-degisimi\/","og_site_name":"ExPorTurk","article_published_time":"2019-08-02T11:01:26+00:00","article_modified_time":"2021-04-10T22:26:55+00:00","og_image":[{"width":250,"height":141,"url":"http:\/\/www.exporturk.com\/wp-content\/uploads\/2021\/03\/4008_1.jpg","type":"image\/jpeg"}],"author":"admin","twitter_card":"summary_large_image","twitter_misc":{"Yazan:":"admin","Tahmini okuma s\u00fcresi":"1 dakika"},"schema":{"@context":"https:\/\/schema.org","@graph":[{"@type":"Article","@id":"http:\/\/www.exporturk.com\/index.php\/2019\/08\/02\/polisan-holdingte-bayrak-degisimi\/#article","isPartOf":{"@id":"http:\/\/www.exporturk.com\/index.php\/2019\/08\/02\/polisan-holdingte-bayrak-degisimi\/"},"author":{"name":"admin","@id":"http:\/\/www.exporturk.com\/#\/schema\/person\/18aced4372d9d5e8231ebeb91e21c306"},"headline":"Polisan Holding\u2019te bayrak de\u011fi\u015fimi","datePublished":"2019-08-02T11:01:26+00:00","dateModified":"2021-04-10T22:26:55+00:00","mainEntityOfPage":{"@id":"http:\/\/www.exporturk.com\/index.php\/2019\/08\/02\/polisan-holdingte-bayrak-degisimi\/"},"wordCount":159,"commentCount":0,"image":{"@id":"http:\/\/www.exporturk.com\/index.php\/2019\/08\/02\/polisan-holdingte-bayrak-degisimi\/#primaryimage"},"thumbnailUrl":"http:\/\/www.exporturk.com\/wp-content\/uploads\/2021\/03\/4008_1.jpg","articleSection":["\u0130\u015f D\u00fcnyas\u0131"],"inLanguage":"tr","potentialAction":[{"@type":"CommentAction","name":"Comment","target":["http:\/\/www.exporturk.com\/index.php\/2019\/08\/02\/polisan-holdingte-bayrak-degisimi\/#respond"]}]},{"@type":"WebPage","@id":"http:\/\/www.exporturk.com\/index.php\/2019\/08\/02\/polisan-holdingte-bayrak-degisimi\/","url":"http:\/\/www.exporturk.com\/index.php\/2019\/08\/02\/polisan-holdingte-bayrak-degisimi\/","name":"Polisan Holding\u2019te bayrak de\u011fi\u015fimi - ExPorTurk","isPartOf":{"@id":"http:\/\/www.exporturk.com\/#website"},"primaryImageOfPage":{"@id":"http:\/\/www.exporturk.com\/index.php\/2019\/08\/02\/polisan-holdingte-bayrak-degisimi\/#primaryimage"},"image":{"@id":"http:\/\/www.exporturk.com\/index.php\/2019\/08\/02\/polisan-holdingte-bayrak-degisimi\/#primaryimage"},"thumbnailUrl":"http:\/\/www.exporturk.com\/wp-content\/uploads\/2021\/03\/4008_1.jpg","datePublished":"2019-08-02T11:01:26+00:00","dateModified":"2021-04-10T22:26:55+00:00","author":{"@id":"http:\/\/www.exporturk.com\/#\/schema\/person\/18aced4372d9d5e8231ebeb91e21c306"},"breadcrumb":{"@id":"http:\/\/www.exporturk.com\/index.php\/2019\/08\/02\/polisan-holdingte-bayrak-degisimi\/#breadcrumb"},"inLanguage":"tr","potentialAction":[{"@type":"ReadAction","target":["http:\/\/www.exporturk.com\/index.php\/2019\/08\/02\/polisan-holdingte-bayrak-degisimi\/"]}]},{"@type":"ImageObject","inLanguage":"tr","@id":"http:\/\/www.exporturk.com\/index.php\/2019\/08\/02\/polisan-holdingte-bayrak-degisimi\/#primaryimage","url":"http:\/\/www.exporturk.com\/wp-content\/uploads\/2021\/03\/4008_1.jpg","contentUrl":"http:\/\/www.exporturk.com\/wp-content\/uploads\/2021\/03\/4008_1.jpg","width":250,"height":141},{"@type":"BreadcrumbList","@id":"http:\/\/www.exporturk.com\/index.php\/2019\/08\/02\/polisan-holdingte-bayrak-degisimi\/#breadcrumb","itemListElement":[{"@type":"ListItem","position":1,"name":"Home","item":"http:\/\/www.exporturk.com\/"},{"@type":"ListItem","position":2,"name":"Polisan Holding\u2019te bayrak de\u011fi\u015fimi"}]},{"@type":"WebSite","@id":"http:\/\/www.exporturk.com\/#website","url":"http:\/\/www.exporturk.com\/","name":"ExPorTurk","description":"Turkey Business Portal","potentialAction":[{"@type":"SearchAction","target":{"@type":"EntryPoint","urlTemplate":"http:\/\/www.exporturk.com\/?s={search_term_string}"},"query-input":{"@type":"PropertyValueSpecification","valueRequired":true,"valueName":"search_term_string"}}],"inLanguage":"tr"},{"@type":"Person","@id":"http:\/\/www.exporturk.com\/#\/schema\/person\/18aced4372d9d5e8231ebeb91e21c306","name":"admin","image":{"@type":"ImageObject","inLanguage":"tr","@id":"https:\/\/secure.gravatar.com\/avatar\/6035d6d61944ecc74f2c9f3e1a283b4da0ece0a47ee82cd0b5eab2c03ddc1000?s=96&d=mm&r=g","url":"https:\/\/secure.gravatar.com\/avatar\/6035d6d61944ecc74f2c9f3e1a283b4da0ece0a47ee82cd0b5eab2c03ddc1000?s=96&d=mm&r=g","contentUrl":"https:\/\/secure.gravatar.com\/avatar\/6035d6d61944ecc74f2c9f3e1a283b4da0ece0a47ee82cd0b5eab2c03ddc1000?s=96&d=mm&r=g","caption":"admin"},"sameAs":["http:\/\/www.exporturk.com"],"url":"http:\/\/www.exporturk.com\/index.php\/author\/admin\/"}]}},"jetpack_featured_media_url":"http:\/\/www.exporturk.com\/wp-content\/uploads\/2021\/03\/4008_1.jpg","jetpack_sharing_enabled":true,"amp_enabled":true,"_links":{"self":[{"href":"http:\/\/www.exporturk.com\/index.php\/wp-json\/wp\/v2\/posts\/1023","targetHints":{"allow":["GET"]}}],"collection":[{"href":"http:\/\/www.exporturk.com\/index.php\/wp-json\/wp\/v2\/posts"}],"about":[{"href":"http:\/\/www.exporturk.com\/index.php\/wp-json\/wp\/v2\/types\/post"}],"author":[{"embeddable":true,"href":"http:\/\/www.exporturk.com\/index.php\/wp-json\/wp\/v2\/users\/1"}],"replies":[{"embeddable":true,"href":"http:\/\/www.exporturk.com\/index.php\/wp-json\/wp\/v2\/comments?post=1023"}],"version-history":[{"count":1,"href":"http:\/\/www.exporturk.com\/index.php\/wp-json\/wp\/v2\/posts\/1023\/revisions"}],"predecessor-version":[{"id":1025,"href":"http:\/\/www.exporturk.com\/index.php\/wp-json\/wp\/v2\/posts\/1023\/revisions\/1025"}],"wp:featuredmedia":[{"embeddable":true,"href":"http:\/\/www.exporturk.com\/index.php\/wp-json\/wp\/v2\/media\/1024"}],"wp:attachment":[{"href":"http:\/\/www.exporturk.com\/index.php\/wp-json\/wp\/v2\/media?parent=1023"}],"wp:term":[{"taxonomy":"category","embeddable":true,"href":"http:\/\/www.exporturk.com\/index.php\/wp-json\/wp\/v2\/categories?post=1023"},{"taxonomy":"post_tag","embeddable":true,"href":"http:\/\/www.exporturk.com\/index.php\/wp-json\/wp\/v2\/tags?post=1023"}],"curies":[{"name":"wp","href":"https:\/\/api.w.org\/{rel}","templated":true}]}}