{"id":1158,"date":"2012-11-08T08:21:45","date_gmt":"2012-11-08T08:21:45","guid":{"rendered":"http:\/\/www.exporturk.com\/?p=1158"},"modified":"2021-03-21T22:29:51","modified_gmt":"2021-03-21T22:29:51","slug":"annem-trenimi-kapicinin-cocuklarina-vermisti","status":"publish","type":"post","link":"http:\/\/www.exporturk.com\/index.php\/2012\/11\/08\/annem-trenimi-kapicinin-cocuklarina-vermisti\/","title":{"rendered":"Annem Trenimi Kap\u0131c\u0131n\u0131n \u00c7ocuklar\u0131na Vermi\u015fti"},"content":{"rendered":"<p>Hollanda\u2019da d\u00fczenlenen minyat\u00fcr tren fuar\u0131nda (Ontraks 2012) d\u00fcnya birincili\u011fini kazanan T\u00fcrk ekibinin 10.5 metre boyundaki maketi, Rahmi M. Ko\u00e7 M\u00fczesi\u2019nde sergilenmeye ba\u015fland\u0131. Serginin a\u00e7\u0131l\u0131\u015f\u0131n\u0131 yapan Rahmi M. Ko\u00e7, \u00e7ocukluk g\u00fcnlerini hat\u0131rlayarak, \u201cAnnem ilk oyuncak trenimi kap\u0131c\u0131n\u0131n \u00e7ocuklar\u0131na vermi\u015fti. Tatilden d\u00f6nd\u00fc\u011f\u00fcmde bir de bakt\u0131m ki trenler yok. Onlar da oynas\u0131n, oynamas\u0131n m\u0131?\u201d dedi.<br \/>\n\u201cAnkara\u2019dan \u0130stanbul\u2019a gelirken lokomotif kokusuna bay\u0131l\u0131rd\u0131m\u201d diyen Ko\u00e7, bir saat boyunca maketi inceledi ve maketi yapan Abdurrahman Usta\u2019dan, detaylar hakk\u0131nda bilgi ald\u0131.<\/p>\n<p><strong>Ger\u00e7ek\u00e7i detaylar<\/strong><br \/>\n\u2018Minyat\u00fcr Trenlerin Muhte\u015fem D\u00fcnyas\u0131\u2019 sergisi, 1980\u2019ler T\u00fcrkiye\u2019sinin bir kesitini sunuyor. Hollanda\u2019da \u2018D\u00fcnyan\u0131n En \u0130yi Kurgusu\u2019 se\u00e7ilen makette; lokomotifler, vagonlar, demiryolu hatt\u0131 ile Sel\u00e7uk Tren \u0130stasyonu ve \u00e7evresinin tarihi-antik dokusu, ger\u00e7e\u011fine uygun olarak hareketli ve sesli olarak yer al\u0131yor. Efes Antik Kenti ve Meryemana Evi\u2019nden ger\u00e7ek\u00e7i kesitlerin de yer ald\u0131\u011f\u0131 1\/87 \u00f6l\u00e7e\u011findeki modelde, vagondan k\u00f6m\u00fcr \u00e7alan \u00e7ingene, trenlere el sallayan kad\u0131n, Meryemana Evi\u2019ndeki mumlar gibi \u00e7ok k\u00fc\u00e7\u00fck \u00f6l\u00e7ekteki ayr\u0131nt\u0131lar dikkat \u00e7ekiyor.<br \/>\n2010 y\u0131l\u0131nda ba\u015flanan ve 16 ayda tamamlanan eser hakk\u0131nda Abdurrahman Usta, \u015fu bilgileri verdi:<br \/>\n\u201cProjede; insan g\u00f6z\u00fcyle detaylar\u0131n se\u00e7ilebildi\u011fi ve ger\u00e7ek\u00e7ili\u011fin yakalanabildi\u011fi \u00f6l\u00e7\u00fc kullan\u0131ld\u0131. Malzeme olarak plastik, tahta, rezin ve seramik al\u00e7\u0131s\u0131 tercih edildi. Araba, insan fig\u00fcrleri, vagon ve lokomotifler ar\u015fivler taranarak belirlendi. A\u011fa\u00e7 g\u00f6vdeleri elektrik teli, yapraklar ise y\u00fcn ve ka\u011f\u0131ttan yap\u0131ld\u0131.\u201d<br \/>\nSergi, hafta i\u00e7i 10.00 &#8211; 17.00, hafta sonlar\u0131 10.00 &#8211; 18.00 aras\u0131, 2 Haziran 2013\u2019e kadar gezilebilecek. Giri\u015f \u00fccreti yeti\u015fkinler i\u00e7in 12.5, \u00f6\u011frenciler i\u00e7in ise 6 TL.<\/p>\n<p><strong>\u2018ASKINIZ \u00c7OK G\u00dcZELM\u0130\u015e\u2019<\/strong><br \/>\nKo\u00e7, tren maketleri konusunda \u2018efsanevi modelci\u2019 olarak tan\u0131nan Jacq Damen\u2019in piyano tu\u015fu \u015feklindeki pantolon ask\u0131s\u0131n\u0131 i\u015faret ederek, \u201cAsk\u0131 \u00e7ok g\u00fczelmi\u015f\u201d dedi.<br \/>\nOntrax organizat\u00f6r\u00fc Paul de Groot da, minyat\u00fcr tren fuar\u0131n\u0131n Rahmi Ko\u00e7 M\u00fczesi\u2019nde d\u00fczenlenmesi i\u00e7in Ko\u00e7\u2019tan talepte bulundu. \u201cNe kadar bir yer laz\u0131m?\u201d diye soran Ko\u00e7, \u00f6neriye olumlu yakla\u015ft\u0131.<\/p>\n<p><strong>\u2018HANIMLAR B\u00d6YLE \u015eEYE PEK \u0130Z\u0130N VERMEZ\u2019<\/strong><br \/>\nRahmi Ko\u00e7, Abdurrahman Usta\u2019ya, \u201cMaketi nerede muhafaza ediyorsunuz\u201d diye sorunca, Usta, \u201cKullanmad\u0131\u011f\u0131m bir evim var orada\u201d yan\u0131t\u0131 verdi. Ko\u00e7, \u201cO zaman tamam. \u00c7\u00fcnk\u00fc han\u0131mlar b\u00f6yle \u015feylere pek izin vermezler\u201d dedi.<\/p>\n<p><strong>Kaynak:<\/strong>\u00a0<a href=\"http:\/\/ekonomi.milliyet.com.tr\/annem-trenimi-kapicinin-cocuklarina-vermisti\/ekonomi\/ekonomidetay\/08.11.2012\/1623728\/default.htm\" target=\"_blank\" rel=\"noopener\">http:\/\/ekonomi.milliyet.com.tr\/annem-trenimi-kapicinin-cocuklarina-vermisti\/ekonomi\/ekonomidetay\/08.11.2012\/1623728\/default.htm<\/a><\/p>\n","protected":false},"excerpt":{"rendered":"<p>Hollanda\u2019da d\u00fczenlenen minyat\u00fcr tren fuar\u0131nda (Ontraks 2012) d\u00fcnya birincili\u011fini kazanan T\u00fcrk ekibinin 10.5 metre boyundaki maketi, Rahmi M. Ko\u00e7 M\u00fczesi\u2019nde sergilenmeye ba\u015fland\u0131. Serginin a\u00e7\u0131l\u0131\u015f\u0131n\u0131 yapan Rahmi M. Ko\u00e7, \u00e7ocukluk g\u00fcnlerini hat\u0131rlayarak, \u201cAnnem ilk oyuncak trenimi kap\u0131c\u0131n\u0131n \u00e7ocuklar\u0131na vermi\u015fti. Tatilden d\u00f6nd\u00fc\u011f\u00fcmde bir de bakt\u0131m ki trenler yok. Onlar da oynas\u0131n, oynamas\u0131n m\u0131?\u201d dedi. \u201cAnkara\u2019dan \u0130stanbul\u2019a gelirken &hellip;<\/p>\n","protected":false},"author":1,"featured_media":1162,"comment_status":"open","ping_status":"open","sticky":false,"template":"","format":"standard","meta":{"_jetpack_memberships_contains_paid_content":false,"footnotes":""},"categories":[29],"tags":[],"class_list":["post-1158","post","type-post","status-publish","format-standard","has-post-thumbnail","hentry","category-ceo"],"yoast_head":"<!-- This site is optimized with the Yoast SEO plugin v27.5 - https:\/\/yoast.com\/product\/yoast-seo-wordpress\/ -->\n<title>Annem Trenimi Kap\u0131c\u0131n\u0131n \u00c7ocuklar\u0131na Vermi\u015fti - ExPorTurk<\/title>\n<meta name=\"robots\" content=\"index, follow, max-snippet:-1, max-image-preview:large, max-video-preview:-1\" \/>\n<link rel=\"canonical\" href=\"http:\/\/www.exporturk.com\/index.php\/2012\/11\/08\/annem-trenimi-kapicinin-cocuklarina-vermisti\/\" \/>\n<meta property=\"og:locale\" content=\"tr_TR\" \/>\n<meta property=\"og:type\" content=\"article\" \/>\n<meta property=\"og:title\" content=\"Annem Trenimi Kap\u0131c\u0131n\u0131n \u00c7ocuklar\u0131na Vermi\u015fti - ExPorTurk\" \/>\n<meta property=\"og:description\" content=\"Hollanda\u2019da d\u00fczenlenen minyat\u00fcr tren fuar\u0131nda (Ontraks 2012) d\u00fcnya birincili\u011fini kazanan T\u00fcrk ekibinin 10.5 metre boyundaki maketi, Rahmi M. Ko\u00e7 M\u00fczesi\u2019nde sergilenmeye ba\u015fland\u0131. Serginin a\u00e7\u0131l\u0131\u015f\u0131n\u0131 yapan Rahmi M. Ko\u00e7, \u00e7ocukluk g\u00fcnlerini hat\u0131rlayarak, \u201cAnnem ilk oyuncak trenimi kap\u0131c\u0131n\u0131n \u00e7ocuklar\u0131na vermi\u015fti. Tatilden d\u00f6nd\u00fc\u011f\u00fcmde bir de bakt\u0131m ki trenler yok. Onlar da oynas\u0131n, oynamas\u0131n m\u0131?\u201d dedi. \u201cAnkara\u2019dan \u0130stanbul\u2019a gelirken &hellip;\" \/>\n<meta property=\"og:url\" content=\"http:\/\/www.exporturk.com\/index.php\/2012\/11\/08\/annem-trenimi-kapicinin-cocuklarina-vermisti\/\" \/>\n<meta property=\"og:site_name\" content=\"ExPorTurk\" \/>\n<meta property=\"article:published_time\" content=\"2012-11-08T08:21:45+00:00\" \/>\n<meta property=\"article:modified_time\" content=\"2021-03-21T22:29:51+00:00\" \/>\n<meta property=\"og:image\" content=\"http:\/\/www.exporturk.com\/wp-content\/uploads\/2012\/11\/1413_1.jpg\" \/>\n\t<meta property=\"og:image:width\" content=\"250\" \/>\n\t<meta property=\"og:image:height\" content=\"140\" \/>\n\t<meta property=\"og:image:type\" content=\"image\/jpeg\" \/>\n<meta name=\"author\" content=\"admin\" \/>\n<meta name=\"twitter:card\" content=\"summary_large_image\" \/>\n<meta name=\"twitter:label1\" content=\"Yazan:\" \/>\n\t<meta name=\"twitter:data1\" content=\"admin\" \/>\n\t<meta name=\"twitter:label2\" content=\"Tahmini okuma s\u00fcresi\" \/>\n\t<meta name=\"twitter:data2\" content=\"2 dakika\" \/>\n<script type=\"application\/ld+json\" class=\"yoast-schema-graph\">{\"@context\":\"https:\\\/\\\/schema.org\",\"@graph\":[{\"@type\":\"Article\",\"@id\":\"http:\\\/\\\/www.exporturk.com\\\/index.php\\\/2012\\\/11\\\/08\\\/annem-trenimi-kapicinin-cocuklarina-vermisti\\\/#article\",\"isPartOf\":{\"@id\":\"http:\\\/\\\/www.exporturk.com\\\/index.php\\\/2012\\\/11\\\/08\\\/annem-trenimi-kapicinin-cocuklarina-vermisti\\\/\"},\"author\":{\"name\":\"admin\",\"@id\":\"http:\\\/\\\/www.exporturk.com\\\/#\\\/schema\\\/person\\\/18aced4372d9d5e8231ebeb91e21c306\"},\"headline\":\"Annem Trenimi Kap\u0131c\u0131n\u0131n \u00c7ocuklar\u0131na Vermi\u015fti\",\"datePublished\":\"2012-11-08T08:21:45+00:00\",\"dateModified\":\"2021-03-21T22:29:51+00:00\",\"mainEntityOfPage\":{\"@id\":\"http:\\\/\\\/www.exporturk.com\\\/index.php\\\/2012\\\/11\\\/08\\\/annem-trenimi-kapicinin-cocuklarina-vermisti\\\/\"},\"wordCount\":434,\"commentCount\":0,\"image\":{\"@id\":\"http:\\\/\\\/www.exporturk.com\\\/index.php\\\/2012\\\/11\\\/08\\\/annem-trenimi-kapicinin-cocuklarina-vermisti\\\/#primaryimage\"},\"thumbnailUrl\":\"http:\\\/\\\/www.exporturk.com\\\/wp-content\\\/uploads\\\/2012\\\/11\\\/1413_1.jpg\",\"articleSection\":[\"Ceo\"],\"inLanguage\":\"tr\",\"potentialAction\":[{\"@type\":\"CommentAction\",\"name\":\"Comment\",\"target\":[\"http:\\\/\\\/www.exporturk.com\\\/index.php\\\/2012\\\/11\\\/08\\\/annem-trenimi-kapicinin-cocuklarina-vermisti\\\/#respond\"]}]},{\"@type\":\"WebPage\",\"@id\":\"http:\\\/\\\/www.exporturk.com\\\/index.php\\\/2012\\\/11\\\/08\\\/annem-trenimi-kapicinin-cocuklarina-vermisti\\\/\",\"url\":\"http:\\\/\\\/www.exporturk.com\\\/index.php\\\/2012\\\/11\\\/08\\\/annem-trenimi-kapicinin-cocuklarina-vermisti\\\/\",\"name\":\"Annem Trenimi Kap\u0131c\u0131n\u0131n \u00c7ocuklar\u0131na Vermi\u015fti - ExPorTurk\",\"isPartOf\":{\"@id\":\"http:\\\/\\\/www.exporturk.com\\\/#website\"},\"primaryImageOfPage\":{\"@id\":\"http:\\\/\\\/www.exporturk.com\\\/index.php\\\/2012\\\/11\\\/08\\\/annem-trenimi-kapicinin-cocuklarina-vermisti\\\/#primaryimage\"},\"image\":{\"@id\":\"http:\\\/\\\/www.exporturk.com\\\/index.php\\\/2012\\\/11\\\/08\\\/annem-trenimi-kapicinin-cocuklarina-vermisti\\\/#primaryimage\"},\"thumbnailUrl\":\"http:\\\/\\\/www.exporturk.com\\\/wp-content\\\/uploads\\\/2012\\\/11\\\/1413_1.jpg\",\"datePublished\":\"2012-11-08T08:21:45+00:00\",\"dateModified\":\"2021-03-21T22:29:51+00:00\",\"author\":{\"@id\":\"http:\\\/\\\/www.exporturk.com\\\/#\\\/schema\\\/person\\\/18aced4372d9d5e8231ebeb91e21c306\"},\"breadcrumb\":{\"@id\":\"http:\\\/\\\/www.exporturk.com\\\/index.php\\\/2012\\\/11\\\/08\\\/annem-trenimi-kapicinin-cocuklarina-vermisti\\\/#breadcrumb\"},\"inLanguage\":\"tr\",\"potentialAction\":[{\"@type\":\"ReadAction\",\"target\":[\"http:\\\/\\\/www.exporturk.com\\\/index.php\\\/2012\\\/11\\\/08\\\/annem-trenimi-kapicinin-cocuklarina-vermisti\\\/\"]}]},{\"@type\":\"ImageObject\",\"inLanguage\":\"tr\",\"@id\":\"http:\\\/\\\/www.exporturk.com\\\/index.php\\\/2012\\\/11\\\/08\\\/annem-trenimi-kapicinin-cocuklarina-vermisti\\\/#primaryimage\",\"url\":\"http:\\\/\\\/www.exporturk.com\\\/wp-content\\\/uploads\\\/2012\\\/11\\\/1413_1.jpg\",\"contentUrl\":\"http:\\\/\\\/www.exporturk.com\\\/wp-content\\\/uploads\\\/2012\\\/11\\\/1413_1.jpg\",\"width\":250,\"height\":140},{\"@type\":\"BreadcrumbList\",\"@id\":\"http:\\\/\\\/www.exporturk.com\\\/index.php\\\/2012\\\/11\\\/08\\\/annem-trenimi-kapicinin-cocuklarina-vermisti\\\/#breadcrumb\",\"itemListElement\":[{\"@type\":\"ListItem\",\"position\":1,\"name\":\"Home\",\"item\":\"http:\\\/\\\/www.exporturk.com\\\/\"},{\"@type\":\"ListItem\",\"position\":2,\"name\":\"Annem Trenimi Kap\u0131c\u0131n\u0131n \u00c7ocuklar\u0131na Vermi\u015fti\"}]},{\"@type\":\"WebSite\",\"@id\":\"http:\\\/\\\/www.exporturk.com\\\/#website\",\"url\":\"http:\\\/\\\/www.exporturk.com\\\/\",\"name\":\"ExPorTurk\",\"description\":\"Turkey Business Portal\",\"potentialAction\":[{\"@type\":\"SearchAction\",\"target\":{\"@type\":\"EntryPoint\",\"urlTemplate\":\"http:\\\/\\\/www.exporturk.com\\\/?s={search_term_string}\"},\"query-input\":{\"@type\":\"PropertyValueSpecification\",\"valueRequired\":true,\"valueName\":\"search_term_string\"}}],\"inLanguage\":\"tr\"},{\"@type\":\"Person\",\"@id\":\"http:\\\/\\\/www.exporturk.com\\\/#\\\/schema\\\/person\\\/18aced4372d9d5e8231ebeb91e21c306\",\"name\":\"admin\",\"image\":{\"@type\":\"ImageObject\",\"inLanguage\":\"tr\",\"@id\":\"https:\\\/\\\/secure.gravatar.com\\\/avatar\\\/6035d6d61944ecc74f2c9f3e1a283b4da0ece0a47ee82cd0b5eab2c03ddc1000?s=96&d=mm&r=g\",\"url\":\"https:\\\/\\\/secure.gravatar.com\\\/avatar\\\/6035d6d61944ecc74f2c9f3e1a283b4da0ece0a47ee82cd0b5eab2c03ddc1000?s=96&d=mm&r=g\",\"contentUrl\":\"https:\\\/\\\/secure.gravatar.com\\\/avatar\\\/6035d6d61944ecc74f2c9f3e1a283b4da0ece0a47ee82cd0b5eab2c03ddc1000?s=96&d=mm&r=g\",\"caption\":\"admin\"},\"sameAs\":[\"http:\\\/\\\/www.exporturk.com\"],\"url\":\"http:\\\/\\\/www.exporturk.com\\\/index.php\\\/author\\\/admin\\\/\"}]}<\/script>\n<!-- \/ Yoast SEO plugin. -->","yoast_head_json":{"title":"Annem Trenimi Kap\u0131c\u0131n\u0131n \u00c7ocuklar\u0131na Vermi\u015fti - ExPorTurk","robots":{"index":"index","follow":"follow","max-snippet":"max-snippet:-1","max-image-preview":"max-image-preview:large","max-video-preview":"max-video-preview:-1"},"canonical":"http:\/\/www.exporturk.com\/index.php\/2012\/11\/08\/annem-trenimi-kapicinin-cocuklarina-vermisti\/","og_locale":"tr_TR","og_type":"article","og_title":"Annem Trenimi Kap\u0131c\u0131n\u0131n \u00c7ocuklar\u0131na Vermi\u015fti - ExPorTurk","og_description":"Hollanda\u2019da d\u00fczenlenen minyat\u00fcr tren fuar\u0131nda (Ontraks 2012) d\u00fcnya birincili\u011fini kazanan T\u00fcrk ekibinin 10.5 metre boyundaki maketi, Rahmi M. Ko\u00e7 M\u00fczesi\u2019nde sergilenmeye ba\u015fland\u0131. Serginin a\u00e7\u0131l\u0131\u015f\u0131n\u0131 yapan Rahmi M. Ko\u00e7, \u00e7ocukluk g\u00fcnlerini hat\u0131rlayarak, \u201cAnnem ilk oyuncak trenimi kap\u0131c\u0131n\u0131n \u00e7ocuklar\u0131na vermi\u015fti. Tatilden d\u00f6nd\u00fc\u011f\u00fcmde bir de bakt\u0131m ki trenler yok. Onlar da oynas\u0131n, oynamas\u0131n m\u0131?\u201d dedi. \u201cAnkara\u2019dan \u0130stanbul\u2019a gelirken &hellip;","og_url":"http:\/\/www.exporturk.com\/index.php\/2012\/11\/08\/annem-trenimi-kapicinin-cocuklarina-vermisti\/","og_site_name":"ExPorTurk","article_published_time":"2012-11-08T08:21:45+00:00","article_modified_time":"2021-03-21T22:29:51+00:00","og_image":[{"width":250,"height":140,"url":"http:\/\/www.exporturk.com\/wp-content\/uploads\/2012\/11\/1413_1.jpg","type":"image\/jpeg"}],"author":"admin","twitter_card":"summary_large_image","twitter_misc":{"Yazan:":"admin","Tahmini okuma s\u00fcresi":"2 dakika"},"schema":{"@context":"https:\/\/schema.org","@graph":[{"@type":"Article","@id":"http:\/\/www.exporturk.com\/index.php\/2012\/11\/08\/annem-trenimi-kapicinin-cocuklarina-vermisti\/#article","isPartOf":{"@id":"http:\/\/www.exporturk.com\/index.php\/2012\/11\/08\/annem-trenimi-kapicinin-cocuklarina-vermisti\/"},"author":{"name":"admin","@id":"http:\/\/www.exporturk.com\/#\/schema\/person\/18aced4372d9d5e8231ebeb91e21c306"},"headline":"Annem Trenimi Kap\u0131c\u0131n\u0131n \u00c7ocuklar\u0131na Vermi\u015fti","datePublished":"2012-11-08T08:21:45+00:00","dateModified":"2021-03-21T22:29:51+00:00","mainEntityOfPage":{"@id":"http:\/\/www.exporturk.com\/index.php\/2012\/11\/08\/annem-trenimi-kapicinin-cocuklarina-vermisti\/"},"wordCount":434,"commentCount":0,"image":{"@id":"http:\/\/www.exporturk.com\/index.php\/2012\/11\/08\/annem-trenimi-kapicinin-cocuklarina-vermisti\/#primaryimage"},"thumbnailUrl":"http:\/\/www.exporturk.com\/wp-content\/uploads\/2012\/11\/1413_1.jpg","articleSection":["Ceo"],"inLanguage":"tr","potentialAction":[{"@type":"CommentAction","name":"Comment","target":["http:\/\/www.exporturk.com\/index.php\/2012\/11\/08\/annem-trenimi-kapicinin-cocuklarina-vermisti\/#respond"]}]},{"@type":"WebPage","@id":"http:\/\/www.exporturk.com\/index.php\/2012\/11\/08\/annem-trenimi-kapicinin-cocuklarina-vermisti\/","url":"http:\/\/www.exporturk.com\/index.php\/2012\/11\/08\/annem-trenimi-kapicinin-cocuklarina-vermisti\/","name":"Annem Trenimi Kap\u0131c\u0131n\u0131n \u00c7ocuklar\u0131na Vermi\u015fti - ExPorTurk","isPartOf":{"@id":"http:\/\/www.exporturk.com\/#website"},"primaryImageOfPage":{"@id":"http:\/\/www.exporturk.com\/index.php\/2012\/11\/08\/annem-trenimi-kapicinin-cocuklarina-vermisti\/#primaryimage"},"image":{"@id":"http:\/\/www.exporturk.com\/index.php\/2012\/11\/08\/annem-trenimi-kapicinin-cocuklarina-vermisti\/#primaryimage"},"thumbnailUrl":"http:\/\/www.exporturk.com\/wp-content\/uploads\/2012\/11\/1413_1.jpg","datePublished":"2012-11-08T08:21:45+00:00","dateModified":"2021-03-21T22:29:51+00:00","author":{"@id":"http:\/\/www.exporturk.com\/#\/schema\/person\/18aced4372d9d5e8231ebeb91e21c306"},"breadcrumb":{"@id":"http:\/\/www.exporturk.com\/index.php\/2012\/11\/08\/annem-trenimi-kapicinin-cocuklarina-vermisti\/#breadcrumb"},"inLanguage":"tr","potentialAction":[{"@type":"ReadAction","target":["http:\/\/www.exporturk.com\/index.php\/2012\/11\/08\/annem-trenimi-kapicinin-cocuklarina-vermisti\/"]}]},{"@type":"ImageObject","inLanguage":"tr","@id":"http:\/\/www.exporturk.com\/index.php\/2012\/11\/08\/annem-trenimi-kapicinin-cocuklarina-vermisti\/#primaryimage","url":"http:\/\/www.exporturk.com\/wp-content\/uploads\/2012\/11\/1413_1.jpg","contentUrl":"http:\/\/www.exporturk.com\/wp-content\/uploads\/2012\/11\/1413_1.jpg","width":250,"height":140},{"@type":"BreadcrumbList","@id":"http:\/\/www.exporturk.com\/index.php\/2012\/11\/08\/annem-trenimi-kapicinin-cocuklarina-vermisti\/#breadcrumb","itemListElement":[{"@type":"ListItem","position":1,"name":"Home","item":"http:\/\/www.exporturk.com\/"},{"@type":"ListItem","position":2,"name":"Annem Trenimi Kap\u0131c\u0131n\u0131n \u00c7ocuklar\u0131na Vermi\u015fti"}]},{"@type":"WebSite","@id":"http:\/\/www.exporturk.com\/#website","url":"http:\/\/www.exporturk.com\/","name":"ExPorTurk","description":"Turkey Business Portal","potentialAction":[{"@type":"SearchAction","target":{"@type":"EntryPoint","urlTemplate":"http:\/\/www.exporturk.com\/?s={search_term_string}"},"query-input":{"@type":"PropertyValueSpecification","valueRequired":true,"valueName":"search_term_string"}}],"inLanguage":"tr"},{"@type":"Person","@id":"http:\/\/www.exporturk.com\/#\/schema\/person\/18aced4372d9d5e8231ebeb91e21c306","name":"admin","image":{"@type":"ImageObject","inLanguage":"tr","@id":"https:\/\/secure.gravatar.com\/avatar\/6035d6d61944ecc74f2c9f3e1a283b4da0ece0a47ee82cd0b5eab2c03ddc1000?s=96&d=mm&r=g","url":"https:\/\/secure.gravatar.com\/avatar\/6035d6d61944ecc74f2c9f3e1a283b4da0ece0a47ee82cd0b5eab2c03ddc1000?s=96&d=mm&r=g","contentUrl":"https:\/\/secure.gravatar.com\/avatar\/6035d6d61944ecc74f2c9f3e1a283b4da0ece0a47ee82cd0b5eab2c03ddc1000?s=96&d=mm&r=g","caption":"admin"},"sameAs":["http:\/\/www.exporturk.com"],"url":"http:\/\/www.exporturk.com\/index.php\/author\/admin\/"}]}},"jetpack_featured_media_url":"http:\/\/www.exporturk.com\/wp-content\/uploads\/2012\/11\/1413_1.jpg","jetpack_sharing_enabled":true,"amp_enabled":true,"_links":{"self":[{"href":"http:\/\/www.exporturk.com\/index.php\/wp-json\/wp\/v2\/posts\/1158","targetHints":{"allow":["GET"]}}],"collection":[{"href":"http:\/\/www.exporturk.com\/index.php\/wp-json\/wp\/v2\/posts"}],"about":[{"href":"http:\/\/www.exporturk.com\/index.php\/wp-json\/wp\/v2\/types\/post"}],"author":[{"embeddable":true,"href":"http:\/\/www.exporturk.com\/index.php\/wp-json\/wp\/v2\/users\/1"}],"replies":[{"embeddable":true,"href":"http:\/\/www.exporturk.com\/index.php\/wp-json\/wp\/v2\/comments?post=1158"}],"version-history":[{"count":3,"href":"http:\/\/www.exporturk.com\/index.php\/wp-json\/wp\/v2\/posts\/1158\/revisions"}],"predecessor-version":[{"id":1163,"href":"http:\/\/www.exporturk.com\/index.php\/wp-json\/wp\/v2\/posts\/1158\/revisions\/1163"}],"wp:featuredmedia":[{"embeddable":true,"href":"http:\/\/www.exporturk.com\/index.php\/wp-json\/wp\/v2\/media\/1162"}],"wp:attachment":[{"href":"http:\/\/www.exporturk.com\/index.php\/wp-json\/wp\/v2\/media?parent=1158"}],"wp:term":[{"taxonomy":"category","embeddable":true,"href":"http:\/\/www.exporturk.com\/index.php\/wp-json\/wp\/v2\/categories?post=1158"},{"taxonomy":"post_tag","embeddable":true,"href":"http:\/\/www.exporturk.com\/index.php\/wp-json\/wp\/v2\/tags?post=1158"}],"curies":[{"name":"wp","href":"https:\/\/api.w.org\/{rel}","templated":true}]}}